{"id":339,"date":"2024-06-05T07:39:06","date_gmt":"2024-06-05T05:39:06","guid":{"rendered":"https:\/\/www.aritmeticamentala.ro\/blog\/?p=339"},"modified":"2024-06-05T07:44:43","modified_gmt":"2024-06-05T05:44:43","slug":"o-zi-speciala-pentru-cei-ce-ne-inspira-sa-invatam-aritmetica-mentala-ziua-invatatorului-pe-5-iunie","status":"publish","type":"post","link":"https:\/\/www.aritmeticamentala.ro\/blog\/o-zi-speciala-pentru-cei-ce-ne-inspira-sa-invatam-aritmetica-mentala-ziua-invatatorului-pe-5-iunie\/","title":{"rendered":"O zi special\u0103 pentru cei ce ne inspir\u0103 s\u0103 \u00eenv\u0103\u021b\u0103m Aritmetica Mental\u0103-Ziua \u00cenv\u0103\u021b\u0103torului pe 5 iunie"},"content":{"rendered":"\n<h3 class=\"wp-block-heading\">O zi special\u0103 pentru cei ce ne inspir\u0103 s\u0103 \u00eenv\u0103\u021b\u0103m Aritmetica Mental\u0103-Ziua \u00cenv\u0103\u021b\u0103torului pe 5 iunie<\/h3>\n\n\n\n<p>O zi special\u0103 pentru cei ce ne inspir\u0103 s\u0103 \u00eenv\u0103\u021b\u0103m Aritmetica Mental\u0103-Ziua \u00cenv\u0103\u021b\u0103torului pe 5 iunie la cursurile SmartyKids Aritmetica Mental\u0103<\/p>\n\n\n\n<p>Ast\u0103zi, <a href=\"https:\/\/www.edupedu.ro\/zi-libera-pentru-elevi-si-profesori-miercuri-5-iunie-de-ziua-invatatorului-2024-in-premiera-la-nivel-national-dupa-marea-greva-a-profesorilor\/\">5 iunie<\/a>, este Ziua Interna\u021bional\u0103 a \u00cenv\u0103\u021b\u0103torului, un moment de recunoa\u0219tere \u0219i apreciere pentru d\u0103ruirea \u0219i pasiunea cu care ace\u0219ti eroi ne \u00eendrum\u0103 pa\u0219ii pe drumul cunoa\u0219terii.<\/p>\n\n\n\n<p>\u00cenv\u0103\u021b\u0103torii no\u0219tri nu sunt doar ghizii no\u0219tri \u00een lumea cunoa\u0219terii, ci \u0219i modelele noastre de inspira\u021bie \u0219i dedica\u021bie. Prin pasiunea lor pentru educa\u021bie, ei ne deschid u\u0219i c\u0103tre cunoa\u0219tere \u0219i ne \u00eencurajeaz\u0103 s\u0103 vis\u0103m mai mare \u0219i s\u0103 devenim mai buni \u00een fiecare zi.<\/p>\n\n\n\n<figure class=\"wp-block-gallery has-nested-images columns-default is-cropped wp-block-gallery-1 is-layout-flex wp-block-gallery-is-layout-flex\">\n<figure class=\"wp-block-image size-large\"><img loading=\"lazy\" decoding=\"async\" width=\"375\" height=\"500\" data-id=\"341\" src=\"https:\/\/www.aritmeticamentala.ro\/blog\/wp-content\/uploads\/2024\/06\/IMG-20240201-WA0051-375x500.jpg\" alt=\"curs aritmetica mentala\" class=\"wp-image-341\" srcset=\"https:\/\/www.aritmeticamentala.ro\/blog\/wp-content\/uploads\/2024\/06\/IMG-20240201-WA0051-375x500.jpg 375w, https:\/\/www.aritmeticamentala.ro\/blog\/wp-content\/uploads\/2024\/06\/IMG-20240201-WA0051-225x300.jpg 225w, https:\/\/www.aritmeticamentala.ro\/blog\/wp-content\/uploads\/2024\/06\/IMG-20240201-WA0051-768x1024.jpg 768w, https:\/\/www.aritmeticamentala.ro\/blog\/wp-content\/uploads\/2024\/06\/IMG-20240201-WA0051-1152x1536.jpg 1152w, https:\/\/www.aritmeticamentala.ro\/blog\/wp-content\/uploads\/2024\/06\/IMG-20240201-WA0051.jpg 1200w\" sizes=\"auto, (max-width: 375px) 100vw, 375px\" \/><\/figure>\n\n\n\n<figure class=\"wp-block-image size-large\"><img loading=\"lazy\" decoding=\"async\" width=\"375\" height=\"500\" data-id=\"342\" src=\"https:\/\/www.aritmeticamentala.ro\/blog\/wp-content\/uploads\/2024\/06\/IMG-20240206-WA0007-375x500.jpg\" alt=\"\" class=\"wp-image-342\" srcset=\"https:\/\/www.aritmeticamentala.ro\/blog\/wp-content\/uploads\/2024\/06\/IMG-20240206-WA0007-375x500.jpg 375w, https:\/\/www.aritmeticamentala.ro\/blog\/wp-content\/uploads\/2024\/06\/IMG-20240206-WA0007-225x300.jpg 225w, https:\/\/www.aritmeticamentala.ro\/blog\/wp-content\/uploads\/2024\/06\/IMG-20240206-WA0007-768x1024.jpg 768w, https:\/\/www.aritmeticamentala.ro\/blog\/wp-content\/uploads\/2024\/06\/IMG-20240206-WA0007-1152x1536.jpg 1152w, https:\/\/www.aritmeticamentala.ro\/blog\/wp-content\/uploads\/2024\/06\/IMG-20240206-WA0007.jpg 1500w\" sizes=\"auto, (max-width: 375px) 100vw, 375px\" \/><\/figure>\n\n\n\n<figure class=\"wp-block-image size-large\"><img loading=\"lazy\" decoding=\"async\" width=\"375\" height=\"500\" data-id=\"344\" src=\"https:\/\/www.aritmeticamentala.ro\/blog\/wp-content\/uploads\/2024\/06\/IMG-20240315-WA0005-375x500.jpg\" alt=\"\" class=\"wp-image-344\" srcset=\"https:\/\/www.aritmeticamentala.ro\/blog\/wp-content\/uploads\/2024\/06\/IMG-20240315-WA0005-375x500.jpg 375w, https:\/\/www.aritmeticamentala.ro\/blog\/wp-content\/uploads\/2024\/06\/IMG-20240315-WA0005-225x300.jpg 225w, https:\/\/www.aritmeticamentala.ro\/blog\/wp-content\/uploads\/2024\/06\/IMG-20240315-WA0005-768x1024.jpg 768w, https:\/\/www.aritmeticamentala.ro\/blog\/wp-content\/uploads\/2024\/06\/IMG-20240315-WA0005-1152x1536.jpg 1152w, https:\/\/www.aritmeticamentala.ro\/blog\/wp-content\/uploads\/2024\/06\/IMG-20240315-WA0005.jpg 1200w\" sizes=\"auto, (max-width: 375px) 100vw, 375px\" \/><\/figure>\n\n\n\n<figure class=\"wp-block-image size-large\"><img loading=\"lazy\" decoding=\"async\" width=\"225\" height=\"500\" data-id=\"345\" src=\"https:\/\/www.aritmeticamentala.ro\/blog\/wp-content\/uploads\/2024\/06\/IMG-20240314-WA0001-225x500.jpg\" alt=\"\" class=\"wp-image-345\" srcset=\"https:\/\/www.aritmeticamentala.ro\/blog\/wp-content\/uploads\/2024\/06\/IMG-20240314-WA0001-225x500.jpg 225w, https:\/\/www.aritmeticamentala.ro\/blog\/wp-content\/uploads\/2024\/06\/IMG-20240314-WA0001-135x300.jpg 135w, https:\/\/www.aritmeticamentala.ro\/blog\/wp-content\/uploads\/2024\/06\/IMG-20240314-WA0001-768x1705.jpg 768w, https:\/\/www.aritmeticamentala.ro\/blog\/wp-content\/uploads\/2024\/06\/IMG-20240314-WA0001-692x1536.jpg 692w, https:\/\/www.aritmeticamentala.ro\/blog\/wp-content\/uploads\/2024\/06\/IMG-20240314-WA0001.jpg 908w\" sizes=\"auto, (max-width: 225px) 100vw, 225px\" \/><\/figure>\n\n\n\n<figure class=\"wp-block-image size-large\"><img loading=\"lazy\" decoding=\"async\" width=\"225\" height=\"500\" data-id=\"346\" src=\"https:\/\/www.aritmeticamentala.ro\/blog\/wp-content\/uploads\/2024\/06\/IMG-20240314-WA0006-225x500.jpg\" alt=\"\" class=\"wp-image-346\" srcset=\"https:\/\/www.aritmeticamentala.ro\/blog\/wp-content\/uploads\/2024\/06\/IMG-20240314-WA0006-225x500.jpg 225w, https:\/\/www.aritmeticamentala.ro\/blog\/wp-content\/uploads\/2024\/06\/IMG-20240314-WA0006-135x300.jpg 135w, https:\/\/www.aritmeticamentala.ro\/blog\/wp-content\/uploads\/2024\/06\/IMG-20240314-WA0006-768x1705.jpg 768w, https:\/\/www.aritmeticamentala.ro\/blog\/wp-content\/uploads\/2024\/06\/IMG-20240314-WA0006-692x1536.jpg 692w, https:\/\/www.aritmeticamentala.ro\/blog\/wp-content\/uploads\/2024\/06\/IMG-20240314-WA0006.jpg 908w\" sizes=\"auto, (max-width: 225px) 100vw, 225px\" \/><\/figure>\n<\/figure>\n\n\n\n<p>Cu ocazia acestei zile speciale, vrem s\u0103 le mul\u021bumim tuturor \u00eenv\u0103\u021b\u0103torilor din via\u021ba noastr\u0103 pentru c\u0103r\u0103rile pe care le-au luminat \u0219i pentru c\u0103r\u021bile de via\u021b\u0103 pe care ne-au deschis. Fiecare dintre ei este o pies\u0103 valoroas\u0103 \u00een construc\u021bia noastr\u0103 ca indivizi \u0219i comunitate.<\/p>\n\n\n\n<p>De asemenea, nu pot s\u0103 nu \u00eei men\u021bionez \u0219i pe profesorii de la cursul de Aritmetic\u0103 Mental\u0103 SmartyKids din centrele SmartyKids din <a href=\"https:\/\/maps.app.goo.gl\/TdmykmPXWZJCtpE49\"><strong>Bucure\u0219ti Militari<\/strong><\/a>, <a href=\"https:\/\/maps.app.goo.gl\/dEQjbqQwyQZExYfh6\"><strong>Gorjului<\/strong><\/a>, <a href=\"https:\/\/maps.app.goo.gl\/AXfjdp3FoHkxNiFPA\">1Mai<\/a>, <a href=\"https:\/\/maps.app.goo.gl\/iJYN5ZhkHBvwZVQG9\"><strong>B\u0103neasa Avia\u021biei<\/strong><\/a>, <a href=\"https:\/\/maps.app.goo.gl\/QkiSzmVwfWAoW1sk8\"><strong>Iancului<\/strong>&#8211;<\/a><strong><a href=\"https:\/\/maps.app.goo.gl\/QkiSzmVwfWAoW1sk8\">Obor<\/a> <\/strong>\u0219i <a href=\"https:\/\/maps.app.goo.gl\/PCBiTD8wyakMW6x48\"><strong>Ilfov Chiajna Militari Residence<\/strong><\/a> care nu doar \u00eemp\u0103rt\u0103\u0219esc cuno\u0219tin\u021be, ci \u0219i dezvolt\u0103 abilit\u0103\u021bi \u0219i \u00eencredere \u00een copiii no\u0219tri. Ei nu doar predau, ci inspir\u0103 \u0219i motiveaz\u0103, transform\u00e2nd procesul de \u00eenv\u0103\u021bare \u00eentr-o c\u0103l\u0103torie fascinant\u0103 \u0219i plin\u0103 de descoperiri.<\/p>\n\n\n\n<p>Ast\u0103zi, s\u0103 ne lu\u0103m c\u00e2teva momente s\u0103 ne g\u00e2ndim la impactul pe care \u00eel au ace\u0219ti oameni minuna\u021bi \u00een vie\u021bile noastre \u0219i s\u0103 le ar\u0103t\u0103m recuno\u0219tin\u021ba noastr\u0103. Haide\u021bi s\u0103 le trimitem un g\u00e2nd cald, o vorb\u0103 de apreciere sau un z\u00e2mbet, pentru c\u0103 fiecare gest conteaz\u0103 \u00een a le ar\u0103ta c\u0103 sunt pre\u021buite \u0219i c\u0103 munca lor nu trece neobservat\u0103.<\/p>\n\n\n\n<p><strong>Mul\u021bumesc, dragi \u00eenv\u0103\u021b\u0103tori, profesori \u0219i traineri de Aritmetic\u0103 Mental\u0103 pentru c\u0103 face\u021bi lumea noastr\u0103 mai luminat\u0103 \u0219i mai bogat\u0103 \u00een cunoa\u0219tere!<\/strong> \ud83c\udf1f<\/p>\n\n\n\n<p>#ZiuaInvatatorului #Apreciere #Educatie #Gratitude #SmartyKids #AritmeticaMentala<\/p>\n","protected":false},"excerpt":{"rendered":"<p>O zi special\u0103 pentru cei ce ne inspir\u0103 s\u0103 \u00eenv\u0103\u021b\u0103m Aritmetica Mental\u0103-Ziua \u00cenv\u0103\u021b\u0103torului pe 5 iunie O zi special\u0103 pentru cei ce ne inspir\u0103 s\u0103 \u00eenv\u0103\u021b\u0103m Aritmetica Mental\u0103-Ziua \u00cenv\u0103\u021b\u0103torului pe 5 iunie la cursurile SmartyKids Aritmetica Mental\u0103 Ast\u0103zi, 5 iunie, este Ziua Interna\u021bional\u0103 a \u00cenv\u0103\u021b\u0103torului, un moment de recunoa\u0219tere \u0219i apreciere pentru d\u0103ruirea \u0219i pasiunea [&hellip;]<\/p>\n","protected":false},"author":1,"featured_media":0,"comment_status":"closed","ping_status":"closed","sticky":false,"template":"","format":"standard","meta":{"footnotes":""},"categories":[23,12,22],"tags":[5,11,3,4,39,19,61,21],"class_list":["post-339","post","type-post","status-publish","format-standard","hentry","category-aritmetica-mentala","category-cursuri-copii","category-smartykids","tag-aritmetica-mentala","tag-cursuri-copii","tag-cursuri-pentru-copii","tag-cursuri-smartykids","tag-smartykids-baneasa","tag-smartykids-chiajna","tag-smartykids-iancului-obor","tag-smartykids-militari"],"yoast_head":"<!-- This site is optimized with the Yoast SEO plugin v24.0 - https:\/\/yoast.com\/wordpress\/plugins\/seo\/ -->\n<title>O zi special\u0103 pentru cei ce ne inspir\u0103 s\u0103 \u00eenv\u0103\u021b\u0103m Aritmetica Mental\u0103-Ziua \u00cenv\u0103\u021b\u0103torului pe 5 iunie - Cursuri pentru copii<\/title>\n<meta name=\"description\" content=\"O zi special\u0103 pentru cei ce ne inspir\u0103 s\u0103 \u00eenv\u0103\u021b\u0103m Aritmetica Mental\u0103-Ziua \u00cenv\u0103\u021b\u0103torului pe 5 iunie la cursurile SmartyKids Aritmetica Mentala\" \/>\n<meta name=\"robots\" content=\"index, follow, max-snippet:-1, max-image-preview:large, max-video-preview:-1\" \/>\n<link rel=\"canonical\" href=\"https:\/\/www.aritmeticamentala.ro\/blog\/o-zi-speciala-pentru-cei-ce-ne-inspira-sa-invatam-aritmetica-mentala-ziua-invatatorului-pe-5-iunie\/\" \/>\n<meta property=\"og:locale\" content=\"en_US\" \/>\n<meta property=\"og:type\" content=\"article\" \/>\n<meta property=\"og:title\" content=\"O zi special\u0103 pentru cei ce ne inspir\u0103 s\u0103 \u00eenv\u0103\u021b\u0103m Aritmetica Mental\u0103-Ziua \u00cenv\u0103\u021b\u0103torului pe 5 iunie - Cursuri pentru copii\" \/>\n<meta property=\"og:description\" content=\"O zi special\u0103 pentru cei ce ne inspir\u0103 s\u0103 \u00eenv\u0103\u021b\u0103m Aritmetica Mental\u0103-Ziua \u00cenv\u0103\u021b\u0103torului pe 5 iunie la cursurile SmartyKids Aritmetica Mentala\" \/>\n<meta property=\"og:url\" content=\"https:\/\/www.aritmeticamentala.ro\/blog\/o-zi-speciala-pentru-cei-ce-ne-inspira-sa-invatam-aritmetica-mentala-ziua-invatatorului-pe-5-iunie\/\" \/>\n<meta property=\"og:site_name\" content=\"Cursuri pentru copii\" \/>\n<meta property=\"article:publisher\" content=\"https:\/\/www.facebook.com\/smartykidsmilitari\" \/>\n<meta property=\"article:published_time\" content=\"2024-06-05T05:39:06+00:00\" \/>\n<meta property=\"article:modified_time\" content=\"2024-06-05T05:44:43+00:00\" \/>\n<meta property=\"og:image\" content=\"https:\/\/www.aritmeticamentala.ro\/blog\/wp-content\/uploads\/2024\/06\/IMG-20240201-WA0051-375x500.jpg\" \/>\n<meta name=\"author\" content=\"Admin\" \/>\n<meta name=\"twitter:card\" content=\"summary_large_image\" \/>\n<meta name=\"twitter:creator\" content=\"@SKMilitari\" \/>\n<meta name=\"twitter:site\" content=\"@SKMilitari\" \/>\n<meta name=\"twitter:label1\" content=\"Written by\" \/>\n\t<meta name=\"twitter:data1\" content=\"Admin\" \/>\n\t<meta name=\"twitter:label2\" content=\"Est. reading time\" \/>\n\t<meta name=\"twitter:data2\" content=\"3 minutes\" \/>\n<script type=\"application\/ld+json\" class=\"yoast-schema-graph\">{\"@context\":\"https:\/\/schema.org\",\"@graph\":[{\"@type\":\"Article\",\"@id\":\"https:\/\/www.aritmeticamentala.ro\/blog\/o-zi-speciala-pentru-cei-ce-ne-inspira-sa-invatam-aritmetica-mentala-ziua-invatatorului-pe-5-iunie\/#article\",\"isPartOf\":{\"@id\":\"https:\/\/www.aritmeticamentala.ro\/blog\/o-zi-speciala-pentru-cei-ce-ne-inspira-sa-invatam-aritmetica-mentala-ziua-invatatorului-pe-5-iunie\/\"},\"author\":{\"name\":\"Admin\",\"@id\":\"https:\/\/www.aritmeticamentala.ro\/blog\/#\/schema\/person\/878cadaff7b0847d0dd99758397ae937\"},\"headline\":\"O zi special\u0103 pentru cei ce ne inspir\u0103 s\u0103 \u00eenv\u0103\u021b\u0103m Aritmetica Mental\u0103-Ziua \u00cenv\u0103\u021b\u0103torului pe 5 iunie\",\"datePublished\":\"2024-06-05T05:39:06+00:00\",\"dateModified\":\"2024-06-05T05:44:43+00:00\",\"mainEntityOfPage\":{\"@id\":\"https:\/\/www.aritmeticamentala.ro\/blog\/o-zi-speciala-pentru-cei-ce-ne-inspira-sa-invatam-aritmetica-mentala-ziua-invatatorului-pe-5-iunie\/\"},\"wordCount\":389,\"publisher\":{\"@id\":\"https:\/\/www.aritmeticamentala.ro\/blog\/#organization\"},\"image\":{\"@id\":\"https:\/\/www.aritmeticamentala.ro\/blog\/o-zi-speciala-pentru-cei-ce-ne-inspira-sa-invatam-aritmetica-mentala-ziua-invatatorului-pe-5-iunie\/#primaryimage\"},\"thumbnailUrl\":\"https:\/\/www.aritmeticamentala.ro\/blog\/wp-content\/uploads\/2024\/06\/IMG-20240201-WA0051-375x500.jpg\",\"keywords\":[\"aritmetica mentala\",\"cursuri copii\",\"cursuri pentru copii\",\"cursuri smartykids\",\"smartykids baneasa\",\"smartykids chiajna\",\"smartykids iancului obor\",\"smartykids militari\"],\"articleSection\":[\"aritmetica mentala\",\"Cursuri copii\",\"smartykids\"],\"inLanguage\":\"en-US\"},{\"@type\":\"WebPage\",\"@id\":\"https:\/\/www.aritmeticamentala.ro\/blog\/o-zi-speciala-pentru-cei-ce-ne-inspira-sa-invatam-aritmetica-mentala-ziua-invatatorului-pe-5-iunie\/\",\"url\":\"https:\/\/www.aritmeticamentala.ro\/blog\/o-zi-speciala-pentru-cei-ce-ne-inspira-sa-invatam-aritmetica-mentala-ziua-invatatorului-pe-5-iunie\/\",\"name\":\"O zi special\u0103 pentru cei ce ne inspir\u0103 s\u0103 \u00eenv\u0103\u021b\u0103m Aritmetica Mental\u0103-Ziua \u00cenv\u0103\u021b\u0103torului pe 5 iunie - Cursuri pentru copii\",\"isPartOf\":{\"@id\":\"https:\/\/www.aritmeticamentala.ro\/blog\/#website\"},\"primaryImageOfPage\":{\"@id\":\"https:\/\/www.aritmeticamentala.ro\/blog\/o-zi-speciala-pentru-cei-ce-ne-inspira-sa-invatam-aritmetica-mentala-ziua-invatatorului-pe-5-iunie\/#primaryimage\"},\"image\":{\"@id\":\"https:\/\/www.aritmeticamentala.ro\/blog\/o-zi-speciala-pentru-cei-ce-ne-inspira-sa-invatam-aritmetica-mentala-ziua-invatatorului-pe-5-iunie\/#primaryimage\"},\"thumbnailUrl\":\"https:\/\/www.aritmeticamentala.ro\/blog\/wp-content\/uploads\/2024\/06\/IMG-20240201-WA0051-375x500.jpg\",\"datePublished\":\"2024-06-05T05:39:06+00:00\",\"dateModified\":\"2024-06-05T05:44:43+00:00\",\"description\":\"O zi special\u0103 pentru cei ce ne inspir\u0103 s\u0103 \u00eenv\u0103\u021b\u0103m Aritmetica Mental\u0103-Ziua \u00cenv\u0103\u021b\u0103torului pe 5 iunie la cursurile SmartyKids Aritmetica Mentala\",\"breadcrumb\":{\"@id\":\"https:\/\/www.aritmeticamentala.ro\/blog\/o-zi-speciala-pentru-cei-ce-ne-inspira-sa-invatam-aritmetica-mentala-ziua-invatatorului-pe-5-iunie\/#breadcrumb\"},\"inLanguage\":\"en-US\",\"potentialAction\":[{\"@type\":\"ReadAction\",\"target\":[\"https:\/\/www.aritmeticamentala.ro\/blog\/o-zi-speciala-pentru-cei-ce-ne-inspira-sa-invatam-aritmetica-mentala-ziua-invatatorului-pe-5-iunie\/\"]}]},{\"@type\":\"ImageObject\",\"inLanguage\":\"en-US\",\"@id\":\"https:\/\/www.aritmeticamentala.ro\/blog\/o-zi-speciala-pentru-cei-ce-ne-inspira-sa-invatam-aritmetica-mentala-ziua-invatatorului-pe-5-iunie\/#primaryimage\",\"url\":\"https:\/\/www.aritmeticamentala.ro\/blog\/wp-content\/uploads\/2024\/06\/IMG-20240201-WA0051.jpg\",\"contentUrl\":\"https:\/\/www.aritmeticamentala.ro\/blog\/wp-content\/uploads\/2024\/06\/IMG-20240201-WA0051.jpg\",\"width\":1200,\"height\":1600,\"caption\":\"smartykids aritmetica mentala\"},{\"@type\":\"BreadcrumbList\",\"@id\":\"https:\/\/www.aritmeticamentala.ro\/blog\/o-zi-speciala-pentru-cei-ce-ne-inspira-sa-invatam-aritmetica-mentala-ziua-invatatorului-pe-5-iunie\/#breadcrumb\",\"itemListElement\":[{\"@type\":\"ListItem\",\"position\":1,\"name\":\"Home\",\"item\":\"https:\/\/www.aritmeticamentala.ro\/blog\/\"},{\"@type\":\"ListItem\",\"position\":2,\"name\":\"O zi special\u0103 pentru cei ce ne inspir\u0103 s\u0103 \u00eenv\u0103\u021b\u0103m Aritmetica Mental\u0103-Ziua \u00cenv\u0103\u021b\u0103torului pe 5 iunie\"}]},{\"@type\":\"WebSite\",\"@id\":\"https:\/\/www.aritmeticamentala.ro\/blog\/#website\",\"url\":\"https:\/\/www.aritmeticamentala.ro\/blog\/\",\"name\":\"Cursuri pentru copii\",\"description\":\"Cursuri Aritmetica Mentala si Soroban\",\"publisher\":{\"@id\":\"https:\/\/www.aritmeticamentala.ro\/blog\/#organization\"},\"alternateName\":\"Cursuri pentru copii\",\"potentialAction\":[{\"@type\":\"SearchAction\",\"target\":{\"@type\":\"EntryPoint\",\"urlTemplate\":\"https:\/\/www.aritmeticamentala.ro\/blog\/?s={search_term_string}\"},\"query-input\":{\"@type\":\"PropertyValueSpecification\",\"valueRequired\":true,\"valueName\":\"search_term_string\"}}],\"inLanguage\":\"en-US\"},{\"@type\":\"Organization\",\"@id\":\"https:\/\/www.aritmeticamentala.ro\/blog\/#organization\",\"name\":\"Cursuri pentru copii\",\"url\":\"https:\/\/www.aritmeticamentala.ro\/blog\/\",\"logo\":{\"@type\":\"ImageObject\",\"inLanguage\":\"en-US\",\"@id\":\"https:\/\/www.aritmeticamentala.ro\/blog\/#\/schema\/logo\/image\/\",\"url\":\"https:\/\/www.aritmeticamentala.ro\/blog\/wp-content\/uploads\/2023\/11\/am.jpeg\",\"contentUrl\":\"https:\/\/www.aritmeticamentala.ro\/blog\/wp-content\/uploads\/2023\/11\/am.jpeg\",\"width\":1600,\"height\":1700,\"caption\":\"Cursuri pentru copii\"},\"image\":{\"@id\":\"https:\/\/www.aritmeticamentala.ro\/blog\/#\/schema\/logo\/image\/\"},\"sameAs\":[\"https:\/\/www.facebook.com\/smartykidsmilitari\",\"https:\/\/x.com\/SKMilitari\",\"https:\/\/www.youtube.com\/@SmartyKidsMilitariBucuresti\"]},{\"@type\":\"Person\",\"@id\":\"https:\/\/www.aritmeticamentala.ro\/blog\/#\/schema\/person\/878cadaff7b0847d0dd99758397ae937\",\"name\":\"Admin\",\"image\":{\"@type\":\"ImageObject\",\"inLanguage\":\"en-US\",\"@id\":\"https:\/\/www.aritmeticamentala.ro\/blog\/#\/schema\/person\/image\/\",\"url\":\"https:\/\/secure.gravatar.com\/avatar\/77bb894cd82d8cb7c40fa7cb9a194ad04c14f7ab8ba2020038eb236511a7ae26?s=96&d=mm&r=g\",\"contentUrl\":\"https:\/\/secure.gravatar.com\/avatar\/77bb894cd82d8cb7c40fa7cb9a194ad04c14f7ab8ba2020038eb236511a7ae26?s=96&d=mm&r=g\",\"caption\":\"Admin\"},\"sameAs\":[\"https:\/\/www.aritmeticamentala.ro\/blog\"],\"url\":\"https:\/\/www.aritmeticamentala.ro\/blog\/author\/ramona\/\"}]}<\/script>\n<!-- \/ Yoast SEO plugin. -->","yoast_head_json":{"title":"O zi special\u0103 pentru cei ce ne inspir\u0103 s\u0103 \u00eenv\u0103\u021b\u0103m Aritmetica Mental\u0103-Ziua \u00cenv\u0103\u021b\u0103torului pe 5 iunie - Cursuri pentru copii","description":"O zi special\u0103 pentru cei ce ne inspir\u0103 s\u0103 \u00eenv\u0103\u021b\u0103m Aritmetica Mental\u0103-Ziua \u00cenv\u0103\u021b\u0103torului pe 5 iunie la cursurile SmartyKids Aritmetica Mentala","robots":{"index":"index","follow":"follow","max-snippet":"max-snippet:-1","max-image-preview":"max-image-preview:large","max-video-preview":"max-video-preview:-1"},"canonical":"https:\/\/www.aritmeticamentala.ro\/blog\/o-zi-speciala-pentru-cei-ce-ne-inspira-sa-invatam-aritmetica-mentala-ziua-invatatorului-pe-5-iunie\/","og_locale":"en_US","og_type":"article","og_title":"O zi special\u0103 pentru cei ce ne inspir\u0103 s\u0103 \u00eenv\u0103\u021b\u0103m Aritmetica Mental\u0103-Ziua \u00cenv\u0103\u021b\u0103torului pe 5 iunie - Cursuri pentru copii","og_description":"O zi special\u0103 pentru cei ce ne inspir\u0103 s\u0103 \u00eenv\u0103\u021b\u0103m Aritmetica Mental\u0103-Ziua \u00cenv\u0103\u021b\u0103torului pe 5 iunie la cursurile SmartyKids Aritmetica Mentala","og_url":"https:\/\/www.aritmeticamentala.ro\/blog\/o-zi-speciala-pentru-cei-ce-ne-inspira-sa-invatam-aritmetica-mentala-ziua-invatatorului-pe-5-iunie\/","og_site_name":"Cursuri pentru copii","article_publisher":"https:\/\/www.facebook.com\/smartykidsmilitari","article_published_time":"2024-06-05T05:39:06+00:00","article_modified_time":"2024-06-05T05:44:43+00:00","og_image":[{"url":"https:\/\/www.aritmeticamentala.ro\/blog\/wp-content\/uploads\/2024\/06\/IMG-20240201-WA0051-375x500.jpg","type":"","width":"","height":""}],"author":"Admin","twitter_card":"summary_large_image","twitter_creator":"@SKMilitari","twitter_site":"@SKMilitari","twitter_misc":{"Written by":"Admin","Est. reading time":"3 minutes"},"schema":{"@context":"https:\/\/schema.org","@graph":[{"@type":"Article","@id":"https:\/\/www.aritmeticamentala.ro\/blog\/o-zi-speciala-pentru-cei-ce-ne-inspira-sa-invatam-aritmetica-mentala-ziua-invatatorului-pe-5-iunie\/#article","isPartOf":{"@id":"https:\/\/www.aritmeticamentala.ro\/blog\/o-zi-speciala-pentru-cei-ce-ne-inspira-sa-invatam-aritmetica-mentala-ziua-invatatorului-pe-5-iunie\/"},"author":{"name":"Admin","@id":"https:\/\/www.aritmeticamentala.ro\/blog\/#\/schema\/person\/878cadaff7b0847d0dd99758397ae937"},"headline":"O zi special\u0103 pentru cei ce ne inspir\u0103 s\u0103 \u00eenv\u0103\u021b\u0103m Aritmetica Mental\u0103-Ziua \u00cenv\u0103\u021b\u0103torului pe 5 iunie","datePublished":"2024-06-05T05:39:06+00:00","dateModified":"2024-06-05T05:44:43+00:00","mainEntityOfPage":{"@id":"https:\/\/www.aritmeticamentala.ro\/blog\/o-zi-speciala-pentru-cei-ce-ne-inspira-sa-invatam-aritmetica-mentala-ziua-invatatorului-pe-5-iunie\/"},"wordCount":389,"publisher":{"@id":"https:\/\/www.aritmeticamentala.ro\/blog\/#organization"},"image":{"@id":"https:\/\/www.aritmeticamentala.ro\/blog\/o-zi-speciala-pentru-cei-ce-ne-inspira-sa-invatam-aritmetica-mentala-ziua-invatatorului-pe-5-iunie\/#primaryimage"},"thumbnailUrl":"https:\/\/www.aritmeticamentala.ro\/blog\/wp-content\/uploads\/2024\/06\/IMG-20240201-WA0051-375x500.jpg","keywords":["aritmetica mentala","cursuri copii","cursuri pentru copii","cursuri smartykids","smartykids baneasa","smartykids chiajna","smartykids iancului obor","smartykids militari"],"articleSection":["aritmetica mentala","Cursuri copii","smartykids"],"inLanguage":"en-US"},{"@type":"WebPage","@id":"https:\/\/www.aritmeticamentala.ro\/blog\/o-zi-speciala-pentru-cei-ce-ne-inspira-sa-invatam-aritmetica-mentala-ziua-invatatorului-pe-5-iunie\/","url":"https:\/\/www.aritmeticamentala.ro\/blog\/o-zi-speciala-pentru-cei-ce-ne-inspira-sa-invatam-aritmetica-mentala-ziua-invatatorului-pe-5-iunie\/","name":"O zi special\u0103 pentru cei ce ne inspir\u0103 s\u0103 \u00eenv\u0103\u021b\u0103m Aritmetica Mental\u0103-Ziua \u00cenv\u0103\u021b\u0103torului pe 5 iunie - Cursuri pentru copii","isPartOf":{"@id":"https:\/\/www.aritmeticamentala.ro\/blog\/#website"},"primaryImageOfPage":{"@id":"https:\/\/www.aritmeticamentala.ro\/blog\/o-zi-speciala-pentru-cei-ce-ne-inspira-sa-invatam-aritmetica-mentala-ziua-invatatorului-pe-5-iunie\/#primaryimage"},"image":{"@id":"https:\/\/www.aritmeticamentala.ro\/blog\/o-zi-speciala-pentru-cei-ce-ne-inspira-sa-invatam-aritmetica-mentala-ziua-invatatorului-pe-5-iunie\/#primaryimage"},"thumbnailUrl":"https:\/\/www.aritmeticamentala.ro\/blog\/wp-content\/uploads\/2024\/06\/IMG-20240201-WA0051-375x500.jpg","datePublished":"2024-06-05T05:39:06+00:00","dateModified":"2024-06-05T05:44:43+00:00","description":"O zi special\u0103 pentru cei ce ne inspir\u0103 s\u0103 \u00eenv\u0103\u021b\u0103m Aritmetica Mental\u0103-Ziua \u00cenv\u0103\u021b\u0103torului pe 5 iunie la cursurile SmartyKids Aritmetica Mentala","breadcrumb":{"@id":"https:\/\/www.aritmeticamentala.ro\/blog\/o-zi-speciala-pentru-cei-ce-ne-inspira-sa-invatam-aritmetica-mentala-ziua-invatatorului-pe-5-iunie\/#breadcrumb"},"inLanguage":"en-US","potentialAction":[{"@type":"ReadAction","target":["https:\/\/www.aritmeticamentala.ro\/blog\/o-zi-speciala-pentru-cei-ce-ne-inspira-sa-invatam-aritmetica-mentala-ziua-invatatorului-pe-5-iunie\/"]}]},{"@type":"ImageObject","inLanguage":"en-US","@id":"https:\/\/www.aritmeticamentala.ro\/blog\/o-zi-speciala-pentru-cei-ce-ne-inspira-sa-invatam-aritmetica-mentala-ziua-invatatorului-pe-5-iunie\/#primaryimage","url":"https:\/\/www.aritmeticamentala.ro\/blog\/wp-content\/uploads\/2024\/06\/IMG-20240201-WA0051.jpg","contentUrl":"https:\/\/www.aritmeticamentala.ro\/blog\/wp-content\/uploads\/2024\/06\/IMG-20240201-WA0051.jpg","width":1200,"height":1600,"caption":"smartykids aritmetica mentala"},{"@type":"BreadcrumbList","@id":"https:\/\/www.aritmeticamentala.ro\/blog\/o-zi-speciala-pentru-cei-ce-ne-inspira-sa-invatam-aritmetica-mentala-ziua-invatatorului-pe-5-iunie\/#breadcrumb","itemListElement":[{"@type":"ListItem","position":1,"name":"Home","item":"https:\/\/www.aritmeticamentala.ro\/blog\/"},{"@type":"ListItem","position":2,"name":"O zi special\u0103 pentru cei ce ne inspir\u0103 s\u0103 \u00eenv\u0103\u021b\u0103m Aritmetica Mental\u0103-Ziua \u00cenv\u0103\u021b\u0103torului pe 5 iunie"}]},{"@type":"WebSite","@id":"https:\/\/www.aritmeticamentala.ro\/blog\/#website","url":"https:\/\/www.aritmeticamentala.ro\/blog\/","name":"Cursuri pentru copii","description":"Cursuri Aritmetica Mentala si Soroban","publisher":{"@id":"https:\/\/www.aritmeticamentala.ro\/blog\/#organization"},"alternateName":"Cursuri pentru copii","potentialAction":[{"@type":"SearchAction","target":{"@type":"EntryPoint","urlTemplate":"https:\/\/www.aritmeticamentala.ro\/blog\/?s={search_term_string}"},"query-input":{"@type":"PropertyValueSpecification","valueRequired":true,"valueName":"search_term_string"}}],"inLanguage":"en-US"},{"@type":"Organization","@id":"https:\/\/www.aritmeticamentala.ro\/blog\/#organization","name":"Cursuri pentru copii","url":"https:\/\/www.aritmeticamentala.ro\/blog\/","logo":{"@type":"ImageObject","inLanguage":"en-US","@id":"https:\/\/www.aritmeticamentala.ro\/blog\/#\/schema\/logo\/image\/","url":"https:\/\/www.aritmeticamentala.ro\/blog\/wp-content\/uploads\/2023\/11\/am.jpeg","contentUrl":"https:\/\/www.aritmeticamentala.ro\/blog\/wp-content\/uploads\/2023\/11\/am.jpeg","width":1600,"height":1700,"caption":"Cursuri pentru copii"},"image":{"@id":"https:\/\/www.aritmeticamentala.ro\/blog\/#\/schema\/logo\/image\/"},"sameAs":["https:\/\/www.facebook.com\/smartykidsmilitari","https:\/\/x.com\/SKMilitari","https:\/\/www.youtube.com\/@SmartyKidsMilitariBucuresti"]},{"@type":"Person","@id":"https:\/\/www.aritmeticamentala.ro\/blog\/#\/schema\/person\/878cadaff7b0847d0dd99758397ae937","name":"Admin","image":{"@type":"ImageObject","inLanguage":"en-US","@id":"https:\/\/www.aritmeticamentala.ro\/blog\/#\/schema\/person\/image\/","url":"https:\/\/secure.gravatar.com\/avatar\/77bb894cd82d8cb7c40fa7cb9a194ad04c14f7ab8ba2020038eb236511a7ae26?s=96&d=mm&r=g","contentUrl":"https:\/\/secure.gravatar.com\/avatar\/77bb894cd82d8cb7c40fa7cb9a194ad04c14f7ab8ba2020038eb236511a7ae26?s=96&d=mm&r=g","caption":"Admin"},"sameAs":["https:\/\/www.aritmeticamentala.ro\/blog"],"url":"https:\/\/www.aritmeticamentala.ro\/blog\/author\/ramona\/"}]}},"_links":{"self":[{"href":"https:\/\/www.aritmeticamentala.ro\/blog\/wp-json\/wp\/v2\/posts\/339","targetHints":{"allow":["GET"]}}],"collection":[{"href":"https:\/\/www.aritmeticamentala.ro\/blog\/wp-json\/wp\/v2\/posts"}],"about":[{"href":"https:\/\/www.aritmeticamentala.ro\/blog\/wp-json\/wp\/v2\/types\/post"}],"author":[{"embeddable":true,"href":"https:\/\/www.aritmeticamentala.ro\/blog\/wp-json\/wp\/v2\/users\/1"}],"replies":[{"embeddable":true,"href":"https:\/\/www.aritmeticamentala.ro\/blog\/wp-json\/wp\/v2\/comments?post=339"}],"version-history":[{"count":4,"href":"https:\/\/www.aritmeticamentala.ro\/blog\/wp-json\/wp\/v2\/posts\/339\/revisions"}],"predecessor-version":[{"id":349,"href":"https:\/\/www.aritmeticamentala.ro\/blog\/wp-json\/wp\/v2\/posts\/339\/revisions\/349"}],"wp:attachment":[{"href":"https:\/\/www.aritmeticamentala.ro\/blog\/wp-json\/wp\/v2\/media?parent=339"}],"wp:term":[{"taxonomy":"category","embeddable":true,"href":"https:\/\/www.aritmeticamentala.ro\/blog\/wp-json\/wp\/v2\/categories?post=339"},{"taxonomy":"post_tag","embeddable":true,"href":"https:\/\/www.aritmeticamentala.ro\/blog\/wp-json\/wp\/v2\/tags?post=339"}],"curies":[{"name":"wp","href":"https:\/\/api.w.org\/{rel}","templated":true}]}}